{"id":882,"date":"2019-11-21T18:01:07","date_gmt":"2019-11-21T17:01:07","guid":{"rendered":"http:\/\/aidesauditives-centredelcourt.com\/?p=882"},"modified":"2020-02-07T11:06:27","modified_gmt":"2020-02-07T10:06:27","slug":"temoignage-4","status":"publish","type":"post","link":"https:\/\/aidesauditives-centredelcourt.com\/?p=882","title":{"rendered":"Claudine L."},"content":{"rendered":"<p>&nbsp;<\/p>\n<p>\u00ab\u00a0Apr\u00e8s une exp\u00e9rience tr\u00e8s d\u00e9cevante en r\u00e9gion parisienne, mon m\u00e9decin traitant m&rsquo;a dirig\u00e9e vers le Centre Delcourt. Ce fut une bien heureuse rencontre. J&rsquo;ai d\u00e9couvert un audioproth\u00e9siste tr\u00e8s professionnel.<br \/>\nPatient, r\u00e9pondant \u00e0 toutes nos questions, aujourd&rsquo;hui j&rsquo;ai retrouv\u00e9 le plaisir de communiquer&#8230;. Cela change la vie. N&rsquo;h\u00e9sitez pas \u00e0 aller le rencontrer.\u00a0\u00bb<\/p>\n","protected":false},"excerpt":{"rendered":"<p>&nbsp; \u00ab\u00a0Apr\u00e8s une exp\u00e9rience tr\u00e8s d\u00e9cevante en r\u00e9gion parisienne, mon m\u00e9decin traitant m&rsquo;a dirig\u00e9e vers le Centre Delcourt. Ce fut une bien heureuse rencontre. J&rsquo;ai d\u00e9couvert un audioproth\u00e9siste tr\u00e8s professionnel. Patient, r\u00e9pondant \u00e0 toutes nos questions, aujourd&rsquo;hui j&rsquo;ai retrouv\u00e9 le plaisir de communiquer&#8230;. Cela change la vie. N&rsquo;h\u00e9sitez pas \u00e0 aller le rencontrer.\u00a0\u00bb<\/p>\n","protected":false},"author":1,"featured_media":0,"comment_status":"closed","ping_status":"closed","sticky":false,"template":"","format":"quote","meta":{"_et_pb_use_builder":"","_et_pb_old_content":"","_et_gb_content_width":"","footnotes":""},"categories":[11],"tags":[],"_links":{"self":[{"href":"https:\/\/aidesauditives-centredelcourt.com\/index.php?rest_route=\/wp\/v2\/posts\/882"}],"collection":[{"href":"https:\/\/aidesauditives-centredelcourt.com\/index.php?rest_route=\/wp\/v2\/posts"}],"about":[{"href":"https:\/\/aidesauditives-centredelcourt.com\/index.php?rest_route=\/wp\/v2\/types\/post"}],"author":[{"embeddable":true,"href":"https:\/\/aidesauditives-centredelcourt.com\/index.php?rest_route=\/wp\/v2\/users\/1"}],"replies":[{"embeddable":true,"href":"https:\/\/aidesauditives-centredelcourt.com\/index.php?rest_route=%2Fwp%2Fv2%2Fcomments&post=882"}],"version-history":[{"count":3,"href":"https:\/\/aidesauditives-centredelcourt.com\/index.php?rest_route=\/wp\/v2\/posts\/882\/revisions"}],"predecessor-version":[{"id":1492,"href":"https:\/\/aidesauditives-centredelcourt.com\/index.php?rest_route=\/wp\/v2\/posts\/882\/revisions\/1492"}],"wp:attachment":[{"href":"https:\/\/aidesauditives-centredelcourt.com\/index.php?rest_route=%2Fwp%2Fv2%2Fmedia&parent=882"}],"wp:term":[{"taxonomy":"category","embeddable":true,"href":"https:\/\/aidesauditives-centredelcourt.com\/index.php?rest_route=%2Fwp%2Fv2%2Fcategories&post=882"},{"taxonomy":"post_tag","embeddable":true,"href":"https:\/\/aidesauditives-centredelcourt.com\/index.php?rest_route=%2Fwp%2Fv2%2Ftags&post=882"}],"curies":[{"name":"wp","href":"https:\/\/api.w.org\/{rel}","templated":true}]}}