{"id":884,"date":"2019-11-21T18:01:55","date_gmt":"2019-11-21T17:01:55","guid":{"rendered":"http:\/\/aidesauditives-centredelcourt.com\/?p=884"},"modified":"2020-02-07T11:03:52","modified_gmt":"2020-02-07T10:03:52","slug":"temoignage-5","status":"publish","type":"post","link":"https:\/\/aidesauditives-centredelcourt.com\/?p=884","title":{"rendered":"Philippe M."},"content":{"rendered":"<p>&nbsp;<\/p>\n<p>\u00ab\u00a0Des qualit\u00e9s professionnelles exemplaires. C&rsquo;est certainement la personne la plus sensibilis\u00e9e et \u00e0 m\u00eame de comprendre notre surdit\u00e9. Je recommande fortement.\u00a0\u00bb<\/p>\n","protected":false},"excerpt":{"rendered":"<p>&nbsp; \u00ab\u00a0Des qualit\u00e9s professionnelles exemplaires. C&rsquo;est certainement la personne la plus sensibilis\u00e9e et \u00e0 m\u00eame de comprendre notre surdit\u00e9. Je recommande fortement.\u00a0\u00bb<\/p>\n","protected":false},"author":1,"featured_media":0,"comment_status":"closed","ping_status":"closed","sticky":false,"template":"","format":"quote","meta":{"_et_pb_use_builder":"","_et_pb_old_content":"","_et_gb_content_width":"","footnotes":""},"categories":[11],"tags":[],"_links":{"self":[{"href":"https:\/\/aidesauditives-centredelcourt.com\/index.php?rest_route=\/wp\/v2\/posts\/884"}],"collection":[{"href":"https:\/\/aidesauditives-centredelcourt.com\/index.php?rest_route=\/wp\/v2\/posts"}],"about":[{"href":"https:\/\/aidesauditives-centredelcourt.com\/index.php?rest_route=\/wp\/v2\/types\/post"}],"author":[{"embeddable":true,"href":"https:\/\/aidesauditives-centredelcourt.com\/index.php?rest_route=\/wp\/v2\/users\/1"}],"replies":[{"embeddable":true,"href":"https:\/\/aidesauditives-centredelcourt.com\/index.php?rest_route=%2Fwp%2Fv2%2Fcomments&post=884"}],"version-history":[{"count":3,"href":"https:\/\/aidesauditives-centredelcourt.com\/index.php?rest_route=\/wp\/v2\/posts\/884\/revisions"}],"predecessor-version":[{"id":1487,"href":"https:\/\/aidesauditives-centredelcourt.com\/index.php?rest_route=\/wp\/v2\/posts\/884\/revisions\/1487"}],"wp:attachment":[{"href":"https:\/\/aidesauditives-centredelcourt.com\/index.php?rest_route=%2Fwp%2Fv2%2Fmedia&parent=884"}],"wp:term":[{"taxonomy":"category","embeddable":true,"href":"https:\/\/aidesauditives-centredelcourt.com\/index.php?rest_route=%2Fwp%2Fv2%2Fcategories&post=884"},{"taxonomy":"post_tag","embeddable":true,"href":"https:\/\/aidesauditives-centredelcourt.com\/index.php?rest_route=%2Fwp%2Fv2%2Ftags&post=884"}],"curies":[{"name":"wp","href":"https:\/\/api.w.org\/{rel}","templated":true}]}}